{"id":449,"date":"2025-03-12T14:47:31","date_gmt":"2025-03-12T13:47:31","guid":{"rendered":"https:\/\/bluerabbink.fr\/blog\/?p=449"},"modified":"2025-03-12T14:47:31","modified_gmt":"2025-03-12T13:47:31","slug":"comment-amenager-sa-cuisine","status":"publish","type":"post","link":"https:\/\/bluerabbink.fr\/blog\/comment-amenager-sa-cuisine\/","title":{"rendered":"Comment am\u00e9nager sa cuisine ?"},"content":{"rendered":"<p>La cuisine est le c\u0153ur de la maison, un lieu o\u00f9 les repas sont pr\u00e9par\u00e9s, les histoires sont partag\u00e9es et les souvenirs sont cr\u00e9\u00e9s. Pourtant, l&rsquo;am\u00e9nagement de la cuisine est souvent n\u00e9glig\u00e9, ce qui peut entra\u00eener des probl\u00e8mes d&rsquo;organisation et d&rsquo;efficacit\u00e9. Bien am\u00e9nager sa cuisine est essentiel non seulement pour faciliter les t\u00e2ches quotidiennes, mais aussi pour cr\u00e9er un espace agr\u00e9able et harmonieux o\u00f9 toute la famille peut se r\u00e9unir. Dans cet article, nous explorerons l&rsquo;importance de bien am\u00e9nager sa cuisine et donnerons des conseils pratiques sur l&#8217;emplacement optimal des \u00e9l\u00e9ments cl\u00e9s tels que le r\u00e9frig\u00e9rateur et l&rsquo;\u00e9vier.<\/p>\n<p><!--more--><\/p>\n<h2>Pourquoi Bien Am\u00e9nager sa Cuisine ?<\/h2>\n<p>La premi\u00e8re \u00e9tape pour bien am\u00e9nager sa cuisine est de comprendre pourquoi cela est si important. Une cuisine bien con\u00e7ue offre non seulement un espace pour pr\u00e9parer les repas, mais aussi un environnement propice \u00e0 la convivialit\u00e9 et \u00e0 la cr\u00e9ativit\u00e9. Pour garantir une circulation fluide, il est essentiel de laisser suffisamment d&rsquo;espace pour se d\u00e9placer confortablement. Optimiser l&rsquo;espace disponible est \u00e9galement crucial. Les meubles et les portes de placard doivent \u00eatre choisis avec soin pour \u00e9viter tout encombrement visuel et assurer un acc\u00e8s facile aux ustensiles et aux provisions.<\/p>\n<h3>O\u00f9 Placer le Frigo dans une Cuisine ?<\/h3>\n<p>Le r\u00e9frig\u00e9rateur est l&rsquo;un des \u00e9l\u00e9ments les plus utilis\u00e9s dans une cuisine, c&rsquo;est pourquoi son emplacement est d&rsquo;une importance capitale. Id\u00e9alement, le frigo devrait \u00eatre plac\u00e9 \u00e0 proximit\u00e9 du plan de travail ou de l&rsquo;\u00eelot central. Cela permet un acc\u00e8s rapide aux ingr\u00e9dients tout en facilitant le processus de cuisson. De plus, il est essentiel de consid\u00e9rer le sens d&rsquo;ouverture de la porte du r\u00e9frig\u00e9rateur. Veillez \u00e0 ce qu&rsquo;elle ne cr\u00e9e pas d&rsquo;obstacles lorsqu&rsquo;elle est ouverte, g\u00eanant ainsi la circulation dans la cuisine.<\/p>\n<h3>O\u00f9 Placer son \u00c9vier ?<\/h3>\n<p>L&rsquo;\u00e9vier est un \u00e9l\u00e9ment central de toute cuisine. Son emplacement doit \u00eatre choisi judicieusement pour assurer un travail efficace tout en pr\u00e9servant le confort ergonomique. L&rsquo;\u00e9vier doit \u00eatre install\u00e9 \u00e0 la bonne hauteur pour \u00e9viter les maux de dos, ce qui signifie qu&rsquo;il doit \u00eatre align\u00e9 avec le niveau de vos coudes lorsque vous \u00eates debout. De plus, optez pour un \u00e9vier suffisamment grand pour permettre le nettoyage des grands articles de cuisine et le stockage des plats \u00e0 s\u00e9cher. Un \u00e9vier bien plac\u00e9 facilite les t\u00e2ches m\u00e9nag\u00e8res quotidiennes, cr\u00e9ant ainsi un environnement de cuisine fonctionnel et agr\u00e9able.<\/p>\n<p><img loading=\"lazy\" class=\"alignnone size-full wp-image-63\" src=\"https:\/\/architecte-interieur-nantes.fr\/wp-content\/uploads\/2024\/02\/amenagement-cuisine-1.jpg\" alt=\"\" width=\"640\" height=\"425\" \/><\/p>\n<h3>Ilot centrale ou table \u00e0 manger ?<\/h3>\n<p>Pr\u00e9voir un espace pour manger agr\u00e9able autour d&rsquo;une table ou d&rsquo;un \u00eelot central dans sa cuisine est bien plus qu&rsquo;une simple question de commodit\u00e9, c&rsquo;est une n\u00e9cessit\u00e9 qui transforme l&rsquo;exp\u00e9rience culinaire et renforce les liens familiaux. Une table bien plac\u00e9e ou un \u00eelot central devient le c\u0153ur de la cuisine, un endroit o\u00f9 la famille se r\u00e9unit pour partager des repas, discuter de la journ\u00e9e et cr\u00e9er des souvenirs pr\u00e9cieux. Cet espace favorise la convivialit\u00e9, encourageant les membres de la famille \u00e0 passer du temps ensemble, que ce soit pour un petit-d\u00e9jeuner rapide le matin ou un d\u00eener familial d\u00e9tendu le soir. De plus, il cr\u00e9e une ambiance chaleureuse et accueillante, transformant la cuisine en un lieu o\u00f9 les gens se rassemblent naturellement. En pr\u00e9voyant un espace pour manger, on cr\u00e9e une atmosph\u00e8re propice \u00e0 l&rsquo;\u00e9change et au partage, renfor\u00e7ant ainsi les liens familiaux et rendant chaque repas non seulement d\u00e9licieux sur le plan gustatif, mais aussi enrichissant sur le plan social et \u00e9motionnel.<\/p>\n<h3>Optimiser les rangements de sa cuisine<\/h3>\n<p>L&rsquo;optimisation des espaces de rangement dans une cuisine est essentielle pour garantir l&rsquo;ordre et la fonctionnalit\u00e9 de cet espace central de la maison.<\/p>\n<h4>Les meubles bas<\/h4>\n<p>Les meubles bas jouent un r\u00f4le crucial en permettant de ranger les objets lourds et encombrants tels que les casseroles, les po\u00eales et les ustensiles de cuisine. En int\u00e9grant des tiroirs profonds et des \u00e9tag\u00e8res ajustables, ces meubles offrent un acc\u00e8s facile aux \u00e9l\u00e9ments essentiels tout en maximisant l&rsquo;espace disponible. Les \u00e9l\u00e9ments bas peuvent \u00e9galement \u00eatre \u00e9quip\u00e9s de m\u00e9canismes coulissants ou de tourniquets, facilitant ainsi l&rsquo;acc\u00e8s aux coins et aux recoins souvent sous-utilis\u00e9s.<\/p>\n<h4>Les meubles hauts<\/h4>\n<p>D&rsquo;autre part, les meubles hauts sont parfaits pour stocker les \u00e9l\u00e9ments dont on a moins besoin au quotidien, tels que les plats de service, les \u00e9lectrom\u00e9nagers sp\u00e9ciaux ou les condiments. En utilisant des \u00e9tag\u00e8res ajustables dans les meubles hauts, on peut organiser les objets en fonction de leur taille, optimisant ainsi l&rsquo;espace vertical. L&rsquo;ajout de portes coulissantes ou vitr\u00e9es peut non seulement ajouter une touche esth\u00e9tique \u00e0 la cuisine, mais aussi permettre de rep\u00e9rer rapidement les condiments et autres articles, facilitant ainsi la pr\u00e9paration des repas au quotidien. En combinant judicieusement ces \u00e9l\u00e9ments, on cr\u00e9e une cuisine parfaitement organis\u00e9e o\u00f9 chaque ustensile et chaque article de cuisine a sa place, contribuant ainsi \u00e0 un environnement de cuisine efficace et agr\u00e9able.<\/p>\n<h4>Ce qu&rsquo;il fait retenir de l&rsquo;am\u00e9nagement de sa cuisine<\/h4>\n<p>Am\u00e9nager sa cuisine de mani\u00e8re r\u00e9fl\u00e9chie et intelligente est essentiel pour cr\u00e9er un espace o\u00f9 la cuisine devient une exp\u00e9rience joyeuse et non une corv\u00e9e quotidienne. En accordant une attention particuli\u00e8re \u00e0 la circulation, \u00e0 l&rsquo;optimisation de l&rsquo;espace et \u00e0 l&#8217;emplacement des \u00e9l\u00e9ments cl\u00e9s tels que le r\u00e9frig\u00e9rateur et l&rsquo;\u00e9vier, vous pouvez transformer votre cuisine en un lieu de cr\u00e9ativit\u00e9 culinaire et de r\u00e9unions familiales chaleureuses. Investir du temps et des efforts dans la planification de l&rsquo;am\u00e9nagement de votre cuisine vous permettra de profiter pleinement de cet espace vital de votre maison, rendant ainsi chaque repas et chaque moment pass\u00e9 en famille ou entre amis encore plus pr\u00e9cieux et m\u00e9morables.<\/p>\n","protected":false},"excerpt":{"rendered":"<p>La cuisine est le c\u0153ur de la maison, un lieu o\u00f9 les repas sont pr\u00e9par\u00e9s, les histoires sont partag\u00e9es et les souvenirs sont cr\u00e9\u00e9s. Pourtant, l&rsquo;am\u00e9nagement de la cuisine est souvent n\u00e9glig\u00e9, ce qui peut entra\u00eener des probl\u00e8mes d&rsquo;organisation et d&rsquo;efficacit\u00e9. Bien am\u00e9nager sa cuisine est essentiel non seulement pour faciliter les t\u00e2ches quotidiennes, mais &hellip;<\/p>\n<p class=\"read-more\"> <a class=\"\" href=\"https:\/\/bluerabbink.fr\/blog\/comment-amenager-sa-cuisine\/\"> <span class=\"screen-reader-text\">Comment am\u00e9nager sa cuisine ?<\/span> Lire la suite\u00a0\u00bb<\/a><\/p>\n","protected":false},"author":1,"featured_media":450,"comment_status":"closed","ping_status":"open","sticky":false,"template":"","format":"standard","meta":{"site-sidebar-layout":"default","site-content-layout":"default","ast-main-header-display":"","ast-hfb-above-header-display":"","ast-hfb-below-header-display":"","ast-hfb-mobile-header-display":"","site-post-title":"","ast-breadcrumbs-content":"","ast-featured-img":"","footer-sml-layout":"","theme-transparent-header-meta":"default","adv-header-id-meta":"","stick-header-meta":"","header-above-stick-meta":"","header-main-stick-meta":"","header-below-stick-meta":""},"categories":[11],"tags":[],"_links":{"self":[{"href":"https:\/\/bluerabbink.fr\/blog\/wp-json\/wp\/v2\/posts\/449"}],"collection":[{"href":"https:\/\/bluerabbink.fr\/blog\/wp-json\/wp\/v2\/posts"}],"about":[{"href":"https:\/\/bluerabbink.fr\/blog\/wp-json\/wp\/v2\/types\/post"}],"author":[{"embeddable":true,"href":"https:\/\/bluerabbink.fr\/blog\/wp-json\/wp\/v2\/users\/1"}],"replies":[{"embeddable":true,"href":"https:\/\/bluerabbink.fr\/blog\/wp-json\/wp\/v2\/comments?post=449"}],"version-history":[{"count":1,"href":"https:\/\/bluerabbink.fr\/blog\/wp-json\/wp\/v2\/posts\/449\/revisions"}],"predecessor-version":[{"id":451,"href":"https:\/\/bluerabbink.fr\/blog\/wp-json\/wp\/v2\/posts\/449\/revisions\/451"}],"wp:featuredmedia":[{"embeddable":true,"href":"https:\/\/bluerabbink.fr\/blog\/wp-json\/wp\/v2\/media\/450"}],"wp:attachment":[{"href":"https:\/\/bluerabbink.fr\/blog\/wp-json\/wp\/v2\/media?parent=449"}],"wp:term":[{"taxonomy":"category","embeddable":true,"href":"https:\/\/bluerabbink.fr\/blog\/wp-json\/wp\/v2\/categories?post=449"},{"taxonomy":"post_tag","embeddable":true,"href":"https:\/\/bluerabbink.fr\/blog\/wp-json\/wp\/v2\/tags?post=449"}],"curies":[{"name":"wp","href":"https:\/\/api.w.org\/{rel}","templated":true}]}}